{"id":248,"date":"2007-04-22T23:07:12","date_gmt":"2007-04-22T22:07:12","guid":{"rendered":"http:\/\/sandozean.de\/blog\/sandozean\/?p=248"},"modified":"2025-05-13T19:07:08","modified_gmt":"2025-05-13T19:07:08","slug":"adriana-wipperling","status":"publish","type":"post","link":"http:\/\/sandozean.de\/?p=248","title":{"rendered":"Adriana Wipperling: Zeit rieselt aus morschen Balken"},"content":{"rendered":"<h3 style=\"text-align: center;\">Seerosen<\/h3>\n<p class=\"mitte\" style=\"text-align: center;\">Seerosen bl\u00fchen<br \/>\nverborgen<br \/>\nunter dem<br \/>\ngrauen Kopfsteinpflaster.<\/p>\n<p class=\"mitte\" style=\"text-align: center;\">Lasst uns<br \/>\ndie Stra\u00dfe<br \/>\nentzwei rei\u00dfen!<\/p>\n<p class=\"mitte\" style=\"text-align: center;\"><em>(\u00a9 Adriana Wipperling, Februar 2005) <\/em><\/p>\n<p class=\"mitte\" style=\"text-align: center;\"><!--more--><\/p>\n<h3 style=\"text-align: center;\">einfach faul<\/h3>\n<p class=\"mitte\" style=\"text-align: center;\">heute<br \/>\nliege ich<br \/>\nals satter kringel<br \/>\nin der talmulde<br \/>\nschl\u00fcrfe<br \/>\ndie sonne<\/p>\n<p class=\"mitte\" style=\"text-align: center;\">schmelze<\/p>\n<p class=\"mitte\" style=\"text-align: center;\">\u00dcber den rand<br \/>\nkrieche<br \/>\nmit den blindschleichen<br \/>\nzwischen mohnblumen<br \/>\nund ger\u00f6ll<br \/>\ndas abendrot versickert<br \/>\nes brodelt<br \/>\nin den bl\u00fctenkelchen<br \/>\nals magma<br \/>\nmorgen<br \/>\nmorgen<\/p>\n<p class=\"mitte\" style=\"text-align: center;\"><em>(\u00a9 Adriana Wipperling, M\u00e4rz 2007)<\/em><\/p>\n<p class=\"mitte\" style=\"text-align: center;\">\n<h3 style=\"text-align: center;\">Outside<\/h3>\n<p class=\"mitte\" style=\"text-align: center;\">An manchen Tagen<br \/>\nsehe ich<br \/>\ndie Zeit<br \/>\naus morschen<\/p>\n<p class=\"mitte\" style=\"text-align: center;\">Dachbalken rieseln.<\/p>\n<p class=\"mitte\" style=\"text-align: center;\">Sumpfgas mieft<br \/>\nunter wurmstichigen<br \/>\nDielenbrettern.<\/p>\n<p class=\"mitte\" style=\"text-align: center;\">Ich kann nicht<br \/>\nbleiben.<\/p>\n<p class=\"mitte\" style=\"text-align: center;\">Rei\u00dfe<br \/>\ndie T\u00fcr auf.<\/p>\n<p class=\"mitte\" style=\"text-align: center;\">Eiskalter Wind<br \/>\nbl\u00e4st mir entgegen.<\/p>\n<p class=\"mitte\" style=\"text-align: center;\">Ich habe mir<br \/>\nnoch keinen<br \/>\nwarmen Pullover<br \/>\ngestrickt.<\/p>\n<p class=\"mitte\" style=\"text-align: center;\"><em>(\u00a9 Adriana Wipperling, April 2007)<\/em><\/p>\n<p class=\"mitte\" style=\"text-align: center;\">\n<h3 style=\"text-align: center;\">Finstere Zeiten<\/h3>\n<p class=\"mitte\" style=\"text-align: center;\">Der Mief der Vorzeit<br \/>\n\u00e4tzt die Farbe<br \/>\nvon den W\u00e4nden<br \/>\nder H\u00e4user,<br \/>\ndas Fleisch<br \/>\nvon den Knochen<br \/>\nder Menschen.<\/p>\n<p class=\"mitte\" style=\"text-align: center;\">Nebelk\u00e4lte.<br \/>\nAm Horizont<br \/>\ngl\u00fchen Laternen<br \/>\nwie Irrlichter.<\/p>\n<p class=\"mitte\" style=\"text-align: center;\">Fackeln,<br \/>\nBrandreden,<br \/>\nBlutegel im Kaffee,<br \/>\nhaarlose Ratten,<br \/>\nzahnlose Gesichter.<\/p>\n<p class=\"mitte\" style=\"text-align: center;\">Totenfeier<br \/>\nf\u00fcr einen Mann<br \/>\nmit wachen Augen.<br \/>\nDer Strick<br \/>\num seinen Hals<br \/>\nist aus chinesischer Seide.<\/p>\n<p class=\"mitte\" style=\"text-align: center;\"><em>(\u00a9 Adriana Wipperling, Januar 2005)<\/em><\/p>\n<p class=\"mitte\" style=\"text-align: center;\">\n<h3 style=\"text-align: center;\">lasst uns fliegen<\/h3>\n<p class=\"mitte\" style=\"text-align: center;\">lasst uns fliegen<br \/>\nhoch \u00fcber der stadt<br \/>\nwo der regen<br \/>\nnoch s\u00fc\u00df schmeckt,<br \/>\ndie v\u00f6gel<br \/>\nauch im winter singen<br \/>\nund die sonne<br \/>\nso nah ist<\/p>\n<p class=\"mitte\" style=\"text-align: center;\">lasst uns fliegen<br \/>\nhoch \u00fcber der stadt<br \/>\nwo wir<br \/>\nden brennenden m\u00fcll<br \/>\nnicht mehr riechen<br \/>\nwo faule eier<br \/>\nuns nicht treffen<br \/>\nund die flut<br \/>\nuns nicht wegsp\u00fclt<\/p>\n<p class=\"mitte\" style=\"text-align: center;\">lasst uns schweben<br \/>\nwenn ich dich k\u00fcsse<br \/>\nlasst uns abheben<br \/>\nund fliegen<\/p>\n<p class=\"mitte\" style=\"text-align: center;\"><em>(Adriana Wipperling, Januar 2005)<\/em><\/p>\n<div><\/div>\n<p>&nbsp;<\/p>\n","protected":false},"excerpt":{"rendered":"<p>Seerosen Seerosen bl\u00fchen verborgen unter dem grauen Kopfsteinpflaster. Lasst uns die Stra\u00dfe entzwei rei\u00dfen! (\u00a9 Adriana Wipperling, Februar 2005)<\/p>\n","protected":false},"author":3,"featured_media":0,"comment_status":"open","ping_status":"open","sticky":false,"template":"","format":"standard","meta":{"ca_portfolio_gallery_project_year":"","ca_portfolio_gallery_client":"","ca_portfolio_gallery_skills":"","ca_portfolio_gallery_url":"","ngg_post_thumbnail":0},"categories":[34],"tags":[42,95,132,187],"jetpack_featured_media_url":"","_links":{"self":[{"href":"http:\/\/sandozean.de\/index.php?rest_route=\/wp\/v2\/posts\/248"}],"collection":[{"href":"http:\/\/sandozean.de\/index.php?rest_route=\/wp\/v2\/posts"}],"about":[{"href":"http:\/\/sandozean.de\/index.php?rest_route=\/wp\/v2\/types\/post"}],"author":[{"embeddable":true,"href":"http:\/\/sandozean.de\/index.php?rest_route=\/wp\/v2\/users\/3"}],"replies":[{"embeddable":true,"href":"http:\/\/sandozean.de\/index.php?rest_route=%2Fwp%2Fv2%2Fcomments&post=248"}],"version-history":[{"count":1,"href":"http:\/\/sandozean.de\/index.php?rest_route=\/wp\/v2\/posts\/248\/revisions"}],"predecessor-version":[{"id":2913,"href":"http:\/\/sandozean.de\/index.php?rest_route=\/wp\/v2\/posts\/248\/revisions\/2913"}],"wp:attachment":[{"href":"http:\/\/sandozean.de\/index.php?rest_route=%2Fwp%2Fv2%2Fmedia&parent=248"}],"wp:term":[{"taxonomy":"category","embeddable":true,"href":"http:\/\/sandozean.de\/index.php?rest_route=%2Fwp%2Fv2%2Fcategories&post=248"},{"taxonomy":"post_tag","embeddable":true,"href":"http:\/\/sandozean.de\/index.php?rest_route=%2Fwp%2Fv2%2Ftags&post=248"}],"curies":[{"name":"wp","href":"https:\/\/api.w.org\/{rel}","templated":true}]}}